{"id":567,"date":"2020-06-26T15:02:18","date_gmt":"2020-06-26T13:02:18","guid":{"rendered":"https:\/\/wewanttobreakfree.de\/?p=567"},"modified":"2020-06-26T15:12:18","modified_gmt":"2020-06-26T13:12:18","slug":"biker-hinter-gittern-die-umfrage","status":"publish","type":"post","link":"https:\/\/wewanttobreakfree.de\/?p=567","title":{"rendered":"Biker hinter Gittern &#8211; Die Umfrage"},"content":{"rendered":"<div id='av_section_1'  class='avia-section main_color avia-section-default avia-no-border-styling  avia-full-contain avia-bg-style-fixed  avia-builder-el-0  el_before_av_one_third  avia-builder-el-first   av-minimum-height av-minimum-height-75  container_wrap sidebar_right' style='background-repeat: no-repeat; background-image: url(https:\/\/wewanttobreakfree.de\/wp-content\/uploads\/2020\/06\/titel-umfrage-blogbeitrag3-1030x317.jpg);background-attachment: fixed; background-position: center center;  '  data-section-bg-repeat='contain' data-av_minimum_height_pc='75'><div class='container' ><main  role=\"main\" itemprop=\"mainContentOfPage\"  class='template-page content  av-content-small alpha units'><div class='post-entry post-entry-type-page post-entry-567'><div class='entry-content-wrapper clearfix'><\/div><\/div><\/main><!-- close content main element --><\/div><\/div><div id='after_section_1'  class='main_color av_default_container_wrap container_wrap sidebar_right' style=' '  ><div class='container' ><div class='template-page content  av-content-small alpha units'><div class='post-entry post-entry-type-page post-entry-567'><div class='entry-content-wrapper clearfix'>\n<div class=\"flex_column av_one_third  flex_column_div av-zero-column-padding first  avia-builder-el-1  el_after_av_section  el_before_av_two_third  avia-builder-el-first  \" style='border-radius:0px; '><\/div>\n<div class=\"flex_column av_two_third  flex_column_div av-zero-column-padding   avia-builder-el-2  el_after_av_one_third  el_before_av_one_third  \" style='border-radius:0px; '><section class=\"av_textblock_section \"  itemscope=\"itemscope\" itemtype=\"https:\/\/schema.org\/BlogPosting\" itemprop=\"blogPost\" ><div class='avia_textblock  '   itemprop=\"text\" ><h3>Motorradfahrer \u2014 freiheitsliebend, aktiv, demokratisch<\/h3>\n<\/div><\/section><br \/>\n<div  style='height:50px' class='hr hr-invisible   avia-builder-el-4  el_after_av_textblock  el_before_av_textblock '><span class='hr-inner ' ><span class='hr-inner-style'><\/span><\/span><\/div><br \/>\n<section class=\"av_textblock_section \"  itemscope=\"itemscope\" itemtype=\"https:\/\/schema.org\/BlogPosting\" itemprop=\"blogPost\" ><div class='avia_textblock  '  style='font-size:18px; '  itemprop=\"text\" ><p>Motorradfahrer m\u00fcssen regelm\u00e4\u00dfig als Buhm\u00e4nner herhalten. Sie sind zu laut, zu schnell, zu gef\u00e4hrlich. Was uns interessiert: Sind sie auch schlechte Demokraten? In einer kleinen Umfrage wollten wir wissen, welche Konsequenzen jeder Zweiradbegeisterte f\u00fcr sich aus der zunehmenden Beschneidung seiner Freiheitsrechte ableitet.<\/p>\n<\/div><\/section><br \/>\n<div  class='avia-image-container  av-styling-    avia-builder-el-6  el_after_av_textblock  el_before_av_textblock  avia-align-center '  itemprop=\"image\" itemscope=\"itemscope\" itemtype=\"https:\/\/schema.org\/ImageObject\"  ><div class='avia-image-container-inner'><div class='avia-image-overlay-wrap'><a href='https:\/\/wewanttobreakfree.de\/wp-content\/uploads\/2020\/06\/Biker-hinter-Gittern-Fragen-1030x961.png' class='avia_image'  ><img class='avia_image ' src='https:\/\/wewanttobreakfree.de\/wp-content\/uploads\/2020\/06\/Biker-hinter-Gittern-Fragen-1030x961.png' alt='' title='Biker hinter Gittern-Fragen'  itemprop=\"thumbnailUrl\"  \/><\/a><\/div><\/div><\/div><br \/>\n<section class=\"av_textblock_section \"  itemscope=\"itemscope\" itemtype=\"https:\/\/schema.org\/BlogPosting\" itemprop=\"blogPost\" ><div class='avia_textblock  '  style='font-size:18px; '  itemprop=\"text\" ><p>Das Spektrum der m\u00f6glichen Antworten reicht von willf\u00e4hrigem Duckm\u00e4usertum (&#8220;Ich fahre nur noch Pedelec&#8221;) bis zum gewaltsamen Widerstand (&#8220;Kalaschnikow&#8221;). Zwischen diesen Extremen liegt das breite Spektrum demokratischer Mitwirkung \u2014 vom Wahlverhalten bis zur Demonstration.<br \/>\nWas soviel hei\u00dft wie: Motorradfahrer sind ebenso wenig bereit auf dein Pedelec umzusteigen, wie sie den Drang versp\u00fcren, als Rambo durch die Stra\u00dfen zu rennen. Aber: sie sind zornig!<\/p>\n<\/div><\/section><br \/>\n<div  style='height:50px' class='hr hr-invisible   avia-builder-el-8  el_after_av_textblock  el_before_av_textblock '><span class='hr-inner ' ><span class='hr-inner-style'><\/span><\/span><\/div><br \/>\n<section class=\"av_textblock_section \"  itemscope=\"itemscope\" itemtype=\"https:\/\/schema.org\/BlogPosting\" itemprop=\"blogPost\" ><div class='avia_textblock  '   itemprop=\"text\" ><h3>Die n\u00e4chste Wahl kommt bestimmt &#8230;<\/h3>\n<\/div><\/section><br \/>\n<section class=\"av_textblock_section \"  itemscope=\"itemscope\" itemtype=\"https:\/\/schema.org\/BlogPosting\" itemprop=\"blogPost\" ><div class='avia_textblock  '  style='font-size:18px; '  itemprop=\"text\" ><p>Die mit Abstand meisten Teilnehmer (immerhin 3\/4 der Befragten) wollen sich bei der n\u00e4chsten Wahl daran erinnern. Dies zeigt ein sehr gesundes Verh\u00e4ltnis zur Demokratie. Auch die beiden n\u00e4chst h\u00e4ufig genannten Antworten (\u201cDemonstrationen\u201d und \u201cpers\u00f6nliches \u00f6ffentliches Bekenntnis\u201d) sind Bausteine einer lebendigen Demokratie und stehen unter dem besonderen Schutz unseres Grundgesetzes (Versammlungsfreiheit, Meinungsfreiheit).<\/p>\n<\/div><\/section><br \/>\n<div  style='height:50px' class='hr hr-invisible   avia-builder-el-11  el_after_av_textblock  el_before_av_textblock '><span class='hr-inner ' ><span class='hr-inner-style'><\/span><\/span><\/div><br \/>\n<section class=\"av_textblock_section \"  itemscope=\"itemscope\" itemtype=\"https:\/\/schema.org\/BlogPosting\" itemprop=\"blogPost\" ><div class='avia_textblock  '   itemprop=\"text\" ><h3>Zorn und Ohnmacht<\/h3>\n<\/div><\/section><br \/>\n<section class=\"av_textblock_section \"  itemscope=\"itemscope\" itemtype=\"https:\/\/schema.org\/BlogPosting\" itemprop=\"blogPost\" ><div class='avia_textblock  '  style='font-size:18px; '  itemprop=\"text\" ><p>Immerhin achtmal wurde &#8220;Kalaschnikow&#8221; als Antwort gew\u00e4hlt, davon f\u00fcnfmal als alleinige Option. Man k\u00f6nnte hierin einen starken Zorn sehen, gepaart mit einem Ohnmachtsgef\u00fchl gegen\u00fcber der stets steigenden Regulierungswut des Staates.<\/p>\n<\/div><\/section><br \/>\n<div  style='height:50px' class='hr hr-invisible   avia-builder-el-14  el_after_av_textblock  el_before_av_textblock '><span class='hr-inner ' ><span class='hr-inner-style'><\/span><\/span><\/div><br \/>\n<section class=\"av_textblock_section \"  itemscope=\"itemscope\" itemtype=\"https:\/\/schema.org\/BlogPosting\" itemprop=\"blogPost\" ><div class='avia_textblock  '   itemprop=\"text\" ><h4><em>Eure Antworten zu unseren Fragen<\/em><\/h4>\n<\/div><\/section><br \/>\n<div  class='avia-image-container  av-styling-    avia-builder-el-16  el_after_av_textblock  el_before_av_textblock  avia-align-center '  itemprop=\"image\" itemscope=\"itemscope\" itemtype=\"https:\/\/schema.org\/ImageObject\"  ><div class='avia-image-container-inner'><div class='avia-image-overlay-wrap'><a href='https:\/\/wewanttobreakfree.de\/wp-content\/uploads\/2020\/06\/Diagramm-1-1030x461.png' class='avia_image'  ><img class='avia_image ' src='https:\/\/wewanttobreakfree.de\/wp-content\/uploads\/2020\/06\/Diagramm-1-1030x461.png' alt='' title='Diagramm'  itemprop=\"thumbnailUrl\"  \/><\/a><\/div><\/div><\/div><br \/>\n<section class=\"av_textblock_section \"  itemscope=\"itemscope\" itemtype=\"https:\/\/schema.org\/BlogPosting\" itemprop=\"blogPost\" ><div class='avia_textblock  '  style='font-size:14px; '  itemprop=\"text\" ><p>Umfang der Umfrage: unsere 8 Fragen wurden von 58 Teilnehmern beantwortet. Eine Mehrfachnennung war m\u00f6glich.<\/p>\n<\/div><\/section><br \/>\n<div  style='height:50px' class='hr hr-invisible   avia-builder-el-18  el_after_av_textblock  el_before_av_textblock '><span class='hr-inner ' ><span class='hr-inner-style'><\/span><\/span><\/div><br \/>\n<section class=\"av_textblock_section \"  itemscope=\"itemscope\" itemtype=\"https:\/\/schema.org\/BlogPosting\" itemprop=\"blogPost\" ><div class='avia_textblock  '   itemprop=\"text\" ><h3>Unser Fazit: Motorradfahrer l(i)eben Demokratie<\/h3>\n<\/div><\/section><br \/>\n<section class=\"av_textblock_section \"  itemscope=\"itemscope\" itemtype=\"https:\/\/schema.org\/BlogPosting\" itemprop=\"blogPost\" ><div class='avia_textblock  '  style='font-size:18px; '  itemprop=\"text\" ><blockquote>\n<p>Ehrlich gesagt waren wir \u00fcberrascht, wie wenig dieses sehr positive Umfrageergebnis zum schlechten Image des Motorradfahrers (= Rocker = harte Jungs und b\u00f6se M\u00e4dchen) in unserer Gesellschaft passt. Hier hat die \u00f6ffentliche Meinung ganz eindeutig Nachholbedarf.<\/p>\n<\/blockquote>\n<\/div><\/section><br \/>\n<section class=\"av_textblock_section \"  itemscope=\"itemscope\" itemtype=\"https:\/\/schema.org\/BlogPosting\" itemprop=\"blogPost\" ><div class='avia_textblock  '  style='font-size:18px; '  itemprop=\"text\" ><p>Inspiriert durch die offensichtliche Bedeutung der Wahlen w\u00fcssten wir zu gerne, welche Position unsere gesch\u00e4tzten Politiker und Politikerinnen dazu haben. Um dies\u00a0 herauszufinden, wollen wir ein Musterschreiben an unsere Abgeordneten entwerfen, das wir euch in den n\u00e4chsten Tagen zur Verf\u00fcgung stellen werden.<\/p>\n<\/div><\/section><\/p><\/div><div class=\"flex_column av_one_third  flex_column_div av-zero-column-padding first  avia-builder-el-22  el_after_av_two_third  el_before_av_two_third  column-top-margin\" style='border-radius:0px; '><\/div><\/p>\n<div class=\"flex_column av_two_third  flex_column_div av-zero-column-padding   avia-builder-el-23  el_after_av_one_third  avia-builder-el-last  column-top-margin\" style='border-radius:0px; '><section class=\"av_textblock_section \"  itemscope=\"itemscope\" itemtype=\"https:\/\/schema.org\/BlogPosting\" itemprop=\"blogPost\" ><div class='avia_textblock  '   itemprop=\"text\" ><p><strong><span style=\"font-family: Univers LT 55;\">Charlotte Matzner | x-log Elektronik GmbH | 26. Juni 2020<\/span><\/strong><\/p>\n<\/div><\/section><\/div>\n","protected":false},"excerpt":{"rendered":"<p>Motorradfahrer m\u00fcssen regelm\u00e4\u00dfig als Buhm\u00e4nner herhalten. Sie sind zu laut, zu schnell, zu gef\u00e4hrlich. Was uns interessiert: Sind sie auch schlechte Demokraten?<\/p>\n","protected":false},"author":2,"featured_media":561,"comment_status":"open","ping_status":"open","sticky":false,"template":"","format":"standard","meta":[],"categories":[1],"tags":[],"_links":{"self":[{"href":"https:\/\/wewanttobreakfree.de\/index.php?rest_route=\/wp\/v2\/posts\/567"}],"collection":[{"href":"https:\/\/wewanttobreakfree.de\/index.php?rest_route=\/wp\/v2\/posts"}],"about":[{"href":"https:\/\/wewanttobreakfree.de\/index.php?rest_route=\/wp\/v2\/types\/post"}],"author":[{"embeddable":true,"href":"https:\/\/wewanttobreakfree.de\/index.php?rest_route=\/wp\/v2\/users\/2"}],"replies":[{"embeddable":true,"href":"https:\/\/wewanttobreakfree.de\/index.php?rest_route=%2Fwp%2Fv2%2Fcomments&post=567"}],"version-history":[{"count":23,"href":"https:\/\/wewanttobreakfree.de\/index.php?rest_route=\/wp\/v2\/posts\/567\/revisions"}],"predecessor-version":[{"id":603,"href":"https:\/\/wewanttobreakfree.de\/index.php?rest_route=\/wp\/v2\/posts\/567\/revisions\/603"}],"wp:featuredmedia":[{"embeddable":true,"href":"https:\/\/wewanttobreakfree.de\/index.php?rest_route=\/wp\/v2\/media\/561"}],"wp:attachment":[{"href":"https:\/\/wewanttobreakfree.de\/index.php?rest_route=%2Fwp%2Fv2%2Fmedia&parent=567"}],"wp:term":[{"taxonomy":"category","embeddable":true,"href":"https:\/\/wewanttobreakfree.de\/index.php?rest_route=%2Fwp%2Fv2%2Fcategories&post=567"},{"taxonomy":"post_tag","embeddable":true,"href":"https:\/\/wewanttobreakfree.de\/index.php?rest_route=%2Fwp%2Fv2%2Ftags&post=567"}],"curies":[{"name":"wp","href":"https:\/\/api.w.org\/{rel}","templated":true}]}}